{"id":186,"date":"2009-04-24T11:04:05","date_gmt":"2009-04-24T10:04:05","guid":{"rendered":"http:\/\/tripodart.net\/blog\/?p=186"},"modified":"2009-04-24T11:10:54","modified_gmt":"2009-04-24T10:10:54","slug":"los-hijos-de-las-nubes","status":"publish","type":"post","link":"https:\/\/tripodart.net\/blog\/los-hijos-de-las-nubes\/","title":{"rendered":"Los Hijos de las Nubes"},"content":{"rendered":"<p>Publico una primera selecci\u00f3n de fotos tomadas en los campamentos de refugiados Saharaui. Las fotos han sido tomadas en Febrero de este a\u00f1o, en coincidencia con la Sahara Marathon. En esta ocasi\u00f3n he transcurrido una semana viviendo con una familia Saharaui, compartiendo con ellos todo.<\/p>\n<p>La generosidad de este pueblo es impactante, a\u00a0pesar\u00a0de las grandes\u00a0dificultades\u00a0en las que\u00a0viven. El pueblo Saharaui vive exiliado de su tierra desde 30 a\u00f1os, y espera con paciencia y dignidad el d\u00eda en que finalmente puedan volver libres. Desde que Marruecos invadiera el Sahara Occidental los\u00a0pr\u00f3fugos\u00a0sobreviven en uno de los desiertos m\u00e1s\u00a0inh\u00f3spito\u00a0del planeta, el Sahara.\u00a0<\/p>\n<p>Las fotos han sido tomadas con pel\u00edcula blanco y negro (Kodak TRI-X 400) y luz natural. La musica que acompa\u00f1a la presentaci\u00f3n es de <a href=\"aziza-brahim.blogspot.com\/\" target=\"_blank\">Aziza Brahim,<\/a><\/p>\n<p>Este reportaje fotografico es parte de un proyecto m\u00e1s amplio y ha sido posible gracias a la colaboraci\u00f3n de los organizadores de la <a href=\"www.saharamarathon.org\/\">Sahara Marathon<\/a> y de los compa\u00f1eros de Tri-Media Report.<\/p>\n<p>\u00a0<\/p>\n<p><object width=\"435\" height=\"350\" data=\"http:\/\/www.tripodart.net\/website\/page_es\/report-page\/nubes\/soundslider.swf\" type=\"application\/x-shockwave-flash\"><param name=\"src\" value=\"http:\/\/www.tripodart.net\/website\/page_es\/report-page\/nubes\/soundslider.swf\" \/><\/object><\/p>\n<p>\u00a0<\/p>\n<p>Hemos realizado un prototipo del libro con unas 40 fotos y un texto informativo en espa\u00f1ol sobre la historia del pueblo Saharaui. Esta publicaci\u00f3n est\u00e1 pensada como material de divulgaci\u00f3n en el ambito de un proyecto de sensibilizaci\u00f3n. \u00a0El libro se puede pedir a traves de la plataforma Blurb siguiendo el enlace a continuaci\u00f3n.<\/p>\n<p>\u00a0<\/p>\n<p>\u00a0<\/p>\n<div id=\"badge\" style=\"position: relative; width: 120px; height: 240px; padding: 10px; margin: 0px; background-color: white; border: 1px solid #a0a0a0;\">\n<div style=\"position: absolute; top: 10px; left: 10px; width: 118px; height: 100px; line-height: 118px; padding: 0px; margin: 0px; border: 0px initial initial;\"><a style=\"margin:0px; border:0px; padding:0px;\" href=\"http:\/\/www.blurb.com\/bookstore\/detail\/652543\/?utm_source=badge&amp;utm_medium=banner&amp;utm_content=140x240\" target=\"_blank\"> <img decoding=\"async\" style=\"padding: 0px; margin: 0px; width: 118px; vertical-align: middle; border: 1px solid #a7a7a7;\" src=\"http:\/\/www.blurb.com\/\/images\/uploads\/catalog\/39\/907539\/652543-a74bdb03695cff9e9bc7ce77fa75b32a.jpg\" alt=\"Pueblo Saharaui\" \/> <\/a><\/div>\n<div style=\"position: absolute; top: 140px; left: 10px; overflow: hidden; margin: 0px; padding: 0px; border: 0px; text-align: left;\">\n<div style=\"width: 105px; overflow: hidden; line-height: 18px; margin: 0px; padding: 0px; border: 0px;\"><a style=\"font:bold 12px Arial, Helvetica, sans-serif; color: #fd7820; text-decoration:none;\" href=\"http:\/\/www.blurb.com\/bookstore\/detail\/652543?utm_source=badge&amp;utm_medium=banner&amp;utm_content=140x240\">Pueblo Saharaui<\/a><\/div>\n<div style=\"font:bold 10px Arial, Helvetica, sans-serif; color:#545454; line-height:15px; margin:0px; padding:0px; border:0px;\">Los hijos de las nubes<\/div>\n<div style=\"font:10px Arial, Helvetica, sans-serif; color:#545454; line-height:15px; margin:0px; padding:0px; border:0px;\">By Fotos de Martino &#8230;<\/div>\n<p>\u00a0<\/p><\/div>\n<div style=\"position: absolute; top: 197px; right: 10px; border: 0; padding: 0px; margin: 0px;\"><a style=\"border:0; padding:0px; margin:0px; text-decoration:none;\" href=\"http:\/\/www.blurb.com\/?utm_source=badge&amp;utm_medium=banner&amp;utm_content=140x240\" target=\"_blank\"> <img decoding=\"async\" style=\"border:0; padding:0px; margin:0px;\" src=\"http:\/\/www.blurb.com\/images\/badge\/blurb-logo.png\" alt=\"Make a photo book with Blurb\" \/> <\/a><\/div>\n<div style=\"position: absolute; bottom: 8px; left: 10px; font: normal 10px Arial, Helvetica, sans-serif; color: #fd7820; line-height: 15px; margin: 0px; padding: 0px; border: 0px;\"><a style=\"color:#fd7820; text-decoration:none;\" title=\"Book Preview\" href=\"http:\/\/www.blurb.com\/books\/652543\">Book Preview<\/a><\/div>\n<\/div>\n<div class='shareinpost'><ul class=\"socialwrap row\"><li class=\"iconOnly share\"><\/li><\/ul><div class=\"clean\"><\/div> <\/div><div style=\"padding: 10px 0 \"  class=\"interactive_bottom\"><div class='button_holder_left'><iframe src='\/\/www.facebook.com\/plugins\/like.php?href=https%3A%2F%2Ftripodart.net%2Fblog%2Flos-hijos-de-las-nubes%2F&amp;layout=box_count&amp;show_faces=true&amp;width=80&amp;action=like&amp;font=arial&amp;colorscheme=dark&amp;height=65' scrolling='no' frameborder='0' style='border:none; overflow:hidden; width:80px; height:65px;' allowTransparency='true'><\/iframe><\/div><div class='button_holder_left tall'><g:plusone size='tall' annotation='bubble' href='https:\/\/tripodart.net\/blog\/los-hijos-de-las-nubes\/'><\/g:plusone><\/div><\/div>","protected":false},"excerpt":{"rendered":"<p>Publico una primera selecci\u00f3n de fotos tomadas en los campamentos de refugiados Saharaui. Las fotos han sido tomadas en Febrero de este a\u00f1o, en coincidencia con la Sahara Marathon. En esta ocasi\u00f3n he transcurrido una semana viviendo con una familia Saharaui, compartiendo con ellos todo. La generosidad de este pueblo es impactante, a\u00a0pesar\u00a0de las grandes\u00a0dificultades\u00a0en &hellip; <a href=\"https:\/\/tripodart.net\/blog\/los-hijos-de-las-nubes\/\" class=\"more-link\">Seguir leyendo <span class=\"screen-reader-text\">Los Hijos de las Nubes<\/span> <span class=\"meta-nav\">&rarr;<\/span><\/a><\/p>\n","protected":false},"author":7,"featured_media":0,"comment_status":"open","ping_status":"closed","sticky":false,"template":"","format":"standard","meta":[],"categories":[70,1],"tags":[266,261,264,260,265,66,153,263,134,262,212],"_links":{"self":[{"href":"https:\/\/tripodart.net\/blog\/wp-json\/wp\/v2\/posts\/186"}],"collection":[{"href":"https:\/\/tripodart.net\/blog\/wp-json\/wp\/v2\/posts"}],"about":[{"href":"https:\/\/tripodart.net\/blog\/wp-json\/wp\/v2\/types\/post"}],"author":[{"embeddable":true,"href":"https:\/\/tripodart.net\/blog\/wp-json\/wp\/v2\/users\/7"}],"replies":[{"embeddable":true,"href":"https:\/\/tripodart.net\/blog\/wp-json\/wp\/v2\/comments?post=186"}],"version-history":[{"count":14,"href":"https:\/\/tripodart.net\/blog\/wp-json\/wp\/v2\/posts\/186\/revisions"}],"predecessor-version":[{"id":199,"href":"https:\/\/tripodart.net\/blog\/wp-json\/wp\/v2\/posts\/186\/revisions\/199"}],"wp:attachment":[{"href":"https:\/\/tripodart.net\/blog\/wp-json\/wp\/v2\/media?parent=186"}],"wp:term":[{"taxonomy":"category","embeddable":true,"href":"https:\/\/tripodart.net\/blog\/wp-json\/wp\/v2\/categories?post=186"},{"taxonomy":"post_tag","embeddable":true,"href":"https:\/\/tripodart.net\/blog\/wp-json\/wp\/v2\/tags?post=186"}],"curies":[{"name":"wp","href":"https:\/\/api.w.org\/{rel}","templated":true}]}}