{"id":529,"date":"2010-04-26T17:45:04","date_gmt":"2010-04-26T16:45:04","guid":{"rendered":"http:\/\/tripodart.net\/blog\/?p=529"},"modified":"2010-04-26T17:45:04","modified_gmt":"2010-04-26T16:45:04","slug":"retrato-creativo-en-exteriores","status":"publish","type":"post","link":"https:\/\/tripodart.net\/blog\/retrato-creativo-en-exteriores\/","title":{"rendered":"Retrato creativo en exteriores"},"content":{"rendered":"<p><a href=\"http:\/\/tripodart.net\/blog\/wp-content\/DSC_5410.jpg\"><img decoding=\"async\" loading=\"lazy\" class=\"aligncenter size-full wp-image-528\" title=\"DSC_5410\" src=\"http:\/\/tripodart.net\/blog\/wp-content\/DSC_5410.jpg\" alt=\"DSC_5410\" width=\"600\" height=\"399\" srcset=\"https:\/\/tripodart.net\/blog\/wp-content\/DSC_5410.jpg 600w, https:\/\/tripodart.net\/blog\/wp-content\/DSC_5410-400x266.jpg 400w\" sizes=\"(max-width: 600px) 100vw, 600px\" \/><\/a><\/p>\n<p>Objetivo 75mm, F : 3,2, T:1\/250 s, iso 200<\/p>\n<p>Hace unas semanas he tenido ocasi\u00f3n de realizar unas fotos en exteriores con David, un actor y modelo valenciano. La sesi\u00f3n decidimos realizarla en los Jardines de Viveros, en coincidencia con el d\u00eda de presentaci\u00f3n de los <a title=\"Cursos de fotograf\u00eda en Valencia\" href=\"http:\/\/www.tripodart.net\/cursos\" target=\"_blank\">cursos de fotograf\u00eda<\/a> organizados por Tripodart. En principio ten\u00eda pensado realizar unos simples retratos aprovechando la luz de d\u00eda para mostrar a los alumnos los efectos que se pueden obtener con un flash y un reflector.<\/p>\n<p>Cuando David me ha contado que es cintura negra de karate, he pensado que pod\u00edamos aprovechar su habilidades para tomar una foto espectacular. Quedaba poca luz, el sol ya se hab\u00eda escondido pero el cielo ten\u00eda un color precioso. Casualmente encontramos un espacio bastante amplio y decid\u00ed intentar una toma diferente.<\/p>\n<p>Ped\u00ed a David que diera un salto con una patada hac\u00eda el flash con paraguas que estaba colocado a la derecha (sin golpearlo!) y intent\u00e9 captar el momento en que estaba m\u00e1s alto. El resultado\u00a0 es una foto bastante espectacular en la que David aparece congelado en el aire como en un dibujo. La \u00fanica fuente de luz, el flash con paraguas situado a la derecha, es bastante difundida para lograr un efecto uniforme en la iluminaci\u00f3n de David. El fondo, con una casa singular y la luz azul del cielo\u00a0 complementa la imagen.<\/p>\n<p><a href=\"http:\/\/tripodart.net\/blog\/wp-content\/DSC_5254.jpg\"><img decoding=\"async\" loading=\"lazy\" class=\"aligncenter size-full wp-image-532\" title=\"DSC_5254\" src=\"http:\/\/tripodart.net\/blog\/wp-content\/DSC_5254.jpg\" alt=\"DSC_5254\" width=\"600\" height=\"399\" srcset=\"https:\/\/tripodart.net\/blog\/wp-content\/DSC_5254.jpg 600w, https:\/\/tripodart.net\/blog\/wp-content\/DSC_5254-400x266.jpg 400w\" sizes=\"(max-width: 600px) 100vw, 600px\" \/><\/a><\/p>\n<p>Objetivo 75mm, F : 2,5\u00a0 T:1\/125 s, iso 200<\/p>\n<p>Cuando el sol estaba todav\u00eda presente realizamos una serie de retratos aprovechando los \u00faltimos rayos. En este caso utiliz\u00e9 un flash con paraguas en el lado derecho como se nota en el reflejo de los ojos. La luz del sol proveniente desde detr\u00e1s separa el modelo del fondo y a\u00f1ade una nota c\u00e1lida en el retrato.<\/p>\n<p>Con estas fotos se puede ver como una iluminaci\u00f3n simple en exteriores puede producir resultados interesantes en combinaci\u00f3n con la luz ambiente disponible. Todo est\u00e1 en encontrar el equilibrio correcto entre el flash y la luz ambiente.<\/p>\n<div class='shareinpost'><ul class=\"socialwrap row\"><li class=\"iconOnly share\"><\/li><\/ul><div class=\"clean\"><\/div> <\/div><div style=\"padding: 10px 0 \"  class=\"interactive_bottom\"><div class='button_holder_left'><iframe src='\/\/www.facebook.com\/plugins\/like.php?href=https%3A%2F%2Ftripodart.net%2Fblog%2Fretrato-creativo-en-exteriores%2F&amp;layout=box_count&amp;show_faces=true&amp;width=80&amp;action=like&amp;font=arial&amp;colorscheme=dark&amp;height=65' scrolling='no' frameborder='0' style='border:none; overflow:hidden; width:80px; height:65px;' allowTransparency='true'><\/iframe><\/div><div class='button_holder_left tall'><g:plusone size='tall' annotation='bubble' href='https:\/\/tripodart.net\/blog\/retrato-creativo-en-exteriores\/'><\/g:plusone><\/div><\/div>","protected":false},"excerpt":{"rendered":"<p>Objetivo 75mm, F : 3,2, T:1\/250 s, iso 200 Hace unas semanas he tenido ocasi\u00f3n de realizar unas fotos en exteriores con David, un actor y modelo valenciano. La sesi\u00f3n decidimos realizarla en los Jardines de Viveros, en coincidencia con el d\u00eda de presentaci\u00f3n de los cursos de fotograf\u00eda organizados por Tripodart. En principio ten\u00eda &hellip; <a href=\"https:\/\/tripodart.net\/blog\/retrato-creativo-en-exteriores\/\" class=\"more-link\">Seguir leyendo <span class=\"screen-reader-text\">Retrato creativo en exteriores<\/span> <span class=\"meta-nav\">&rarr;<\/span><\/a><\/p>\n","protected":false},"author":7,"featured_media":0,"comment_status":"open","ping_status":"closed","sticky":false,"template":"","format":"standard","meta":[],"categories":[112,1],"tags":[382,381,334,14],"_links":{"self":[{"href":"https:\/\/tripodart.net\/blog\/wp-json\/wp\/v2\/posts\/529"}],"collection":[{"href":"https:\/\/tripodart.net\/blog\/wp-json\/wp\/v2\/posts"}],"about":[{"href":"https:\/\/tripodart.net\/blog\/wp-json\/wp\/v2\/types\/post"}],"author":[{"embeddable":true,"href":"https:\/\/tripodart.net\/blog\/wp-json\/wp\/v2\/users\/7"}],"replies":[{"embeddable":true,"href":"https:\/\/tripodart.net\/blog\/wp-json\/wp\/v2\/comments?post=529"}],"version-history":[{"count":6,"href":"https:\/\/tripodart.net\/blog\/wp-json\/wp\/v2\/posts\/529\/revisions"}],"predecessor-version":[{"id":536,"href":"https:\/\/tripodart.net\/blog\/wp-json\/wp\/v2\/posts\/529\/revisions\/536"}],"wp:attachment":[{"href":"https:\/\/tripodart.net\/blog\/wp-json\/wp\/v2\/media?parent=529"}],"wp:term":[{"taxonomy":"category","embeddable":true,"href":"https:\/\/tripodart.net\/blog\/wp-json\/wp\/v2\/categories?post=529"},{"taxonomy":"post_tag","embeddable":true,"href":"https:\/\/tripodart.net\/blog\/wp-json\/wp\/v2\/tags?post=529"}],"curies":[{"name":"wp","href":"https:\/\/api.w.org\/{rel}","templated":true}]}}