{"id":3882,"date":"2025-11-18T18:48:43","date_gmt":"2025-11-18T18:48:43","guid":{"rendered":"https:\/\/tripodart.net\/cursos\/?p=3882"},"modified":"2025-11-20T02:00:30","modified_gmt":"2025-11-20T02:00:30","slug":"viaje-fotografico-a-milan","status":"publish","type":"post","link":"https:\/\/tripodart.net\/cursos\/2025\/viaje-fotografico-a-milan\/","title":{"rendered":"Viaje Fotogr\u00e1fico a Mil\u00e1n (15-16 Febrero 2026)"},"content":{"rendered":"\n<figure class=\"wp-block-gallery has-nested-images columns-2 wp-block-gallery-1 is-layout-flex wp-block-gallery-is-layout-flex\">\n<figure class=\"wp-block-image size-large\"><img decoding=\"async\" loading=\"lazy\" width=\"1602\" height=\"2400\" data-id=\"3891\" src=\"https:\/\/tripodart.net\/cursos\/wp-content\/uploads\/2025\/11\/milano-vertical-BZZ_2222.jpg\" alt=\"\" class=\"wp-image-3891\"\/><\/figure>\n\n\n\n<figure class=\"wp-block-image size-large\"><img decoding=\"async\" loading=\"lazy\" width=\"684\" height=\"1024\" data-id=\"3893\" src=\"https:\/\/tripodart.net\/cursos\/wp-content\/uploads\/2025\/11\/milano-vertical-BZZ_2255-684x1024.jpg\" alt=\"milano street photo\" class=\"wp-image-3893\" srcset=\"https:\/\/tripodart.net\/cursos\/wp-content\/uploads\/2025\/11\/milano-vertical-BZZ_2255-684x1024.jpg 684w, https:\/\/tripodart.net\/cursos\/wp-content\/uploads\/2025\/11\/milano-vertical-BZZ_2255-467x700.jpg 467w, https:\/\/tripodart.net\/cursos\/wp-content\/uploads\/2025\/11\/milano-vertical-BZZ_2255-768x1151.jpg 768w, https:\/\/tripodart.net\/cursos\/wp-content\/uploads\/2025\/11\/milano-vertical-BZZ_2255-1025x1536.jpg 1025w, https:\/\/tripodart.net\/cursos\/wp-content\/uploads\/2025\/11\/milano-vertical-BZZ_2255-1367x2048.jpg 1367w, https:\/\/tripodart.net\/cursos\/wp-content\/uploads\/2025\/11\/milano-vertical-BZZ_2255.jpg 1602w\" sizes=\"(max-width: 684px) 100vw, 684px\" \/><\/figure>\n\n\n\n<figure class=\"wp-block-image size-large\"><img decoding=\"async\" loading=\"lazy\" width=\"1024\" height=\"684\" data-id=\"3892\" src=\"https:\/\/tripodart.net\/cursos\/wp-content\/uploads\/2025\/11\/milano-orizz1-BZZ_2226-1024x684.jpg\" alt=\"\" class=\"wp-image-3892\" srcset=\"https:\/\/tripodart.net\/cursos\/wp-content\/uploads\/2025\/11\/milano-orizz1-BZZ_2226-1024x684.jpg 1024w, https:\/\/tripodart.net\/cursos\/wp-content\/uploads\/2025\/11\/milano-orizz1-BZZ_2226-620x414.jpg 620w, https:\/\/tripodart.net\/cursos\/wp-content\/uploads\/2025\/11\/milano-orizz1-BZZ_2226-768x513.jpg 768w, https:\/\/tripodart.net\/cursos\/wp-content\/uploads\/2025\/11\/milano-orizz1-BZZ_2226-1536x1026.jpg 1536w, https:\/\/tripodart.net\/cursos\/wp-content\/uploads\/2025\/11\/milano-orizz1-BZZ_2226.jpg 1800w\" sizes=\"(max-width: 1024px) 100vw, 1024px\" \/><\/figure>\n<\/figure>\n\n\n\n<h2 class=\"wp-block-heading\">Street Photo y Paisaje Urbano: Workshop<\/h2>\n\n\n\n<p><strong>Un Viaje fotogr\u00e1fico Milano<\/strong> <strong>de 2 d\u00edas para fotografiar la ciudad italiana con m\u00e1s estilo y energ\u00eda urbana.<\/strong><\/p>\n\n\n\n<p>Mil\u00e1n es dise\u00f1o, historia, arquitectura moderna y vida callejera en cada esquina.<br>Y este curso te propone vivirla c\u00e1mara en mano, lejos de los lugares tur\u00edsticos y cerca de la esencia real de la ciudad.<\/p>\n\n\n\n<p>Durante dos d\u00edas trabajaremos fotograf\u00eda de calle, arquitectura y narrativa visual, mientras recorremos algunos de los barrios m\u00e1s fotog\u00e9nicos: <a href=\"https:\/\/it.wikipedia.org\/wiki\/Brera_(Milano)\">Brera<\/a>, Duomo, Navigli, Porta Nuova, Isola\u2026<\/p>\n\n\n\n<p>Un taller pensado para disfrutar, aprender y volver con un portfolio lleno de im\u00e1genes aut\u00e9nticas.<\/p>\n\n\n\n<h2 class=\"wp-block-heading\">Por qu\u00e9 Mil\u00e1n (y por qu\u00e9 conmigo)<\/h2>\n\n\n\n<p>He nacido y vivido en Mil\u00e1n hasta los 18 a\u00f1os. La conozco de memoria.<br>Te llevar\u00e9 a rincones que no aparecen en las gu\u00edas: callejones con car\u00e1cter, plazas tranquilas, mercados, contrastes modernos y escenarios llenos de atm\u00f3sfera.<\/p>\n\n\n\n<p>En cada parada tendr\u00e1s ejercicios claros, feedback directo y peque\u00f1os trucos para mejorar tu mirada fotogr\u00e1fica.<\/p>\n\n\n\n<div class=\"wp-block-group is-layout-constrained wp-block-group-is-layout-constrained\"><div class=\"wp-block-group__inner-container\">\n<h2 class=\"wp-block-heading\">Qui\u00e9n imparte el curso<\/h2>\n\n\n<div class=\"wp-block-image is-style-rounded\">\n<figure class=\"alignleft size-medium is-resized\"><img decoding=\"async\" loading=\"lazy\" width=\"620\" height=\"414\" src=\"https:\/\/tripodart.net\/cursos\/wp-content\/uploads\/2022\/11\/martino-studio-40-13-620x414.jpg\" alt=\"Martino Buzzi\" class=\"wp-image-3725\" style=\"aspect-ratio:1;object-fit:cover;width:218px\" srcset=\"https:\/\/tripodart.net\/cursos\/wp-content\/uploads\/2022\/11\/martino-studio-40-13-620x414.jpg 620w, https:\/\/tripodart.net\/cursos\/wp-content\/uploads\/2022\/11\/martino-studio-40-13-1024x684.jpg 1024w, https:\/\/tripodart.net\/cursos\/wp-content\/uploads\/2022\/11\/martino-studio-40-13-768x513.jpg 768w, https:\/\/tripodart.net\/cursos\/wp-content\/uploads\/2022\/11\/martino-studio-40-13-1536x1026.jpg 1536w, https:\/\/tripodart.net\/cursos\/wp-content\/uploads\/2022\/11\/martino-studio-40-13-2048x1368.jpg 2048w\" sizes=\"(max-width: 620px) 100vw, 620px\" \/><\/figure><\/div>\n\n\n<p>Soy <strong>Martino Buzzi<\/strong>, fot\u00f3grafo italiano especializado en bodas, viajes y proyectos documentales.<br>Nac\u00ed y viv\u00ed en Mil\u00e1n hasta los 18 a\u00f1os y conozco la ciudad como un local. (<a href=\"https:\/\/tripodart.net\/cursos\/quien-da-los-cursos\/\">Aqu\u00ed puedes leer algo m\u00e1s de mi<\/a>)<br>Durante el workshop te guiar\u00e9 por lugares aut\u00e9nticos, llenos de encanto y perfectos para crear fotograf\u00edas con personalidad.<\/p>\n\n\n\n<div style=\"height:100px\" aria-hidden=\"true\" class=\"wp-block-spacer\"><\/div>\n<\/div><\/div>\n\n\n\n<figure class=\"wp-block-image size-large\"><img decoding=\"async\" loading=\"lazy\" width=\"1024\" height=\"684\" src=\"https:\/\/tripodart.net\/cursos\/wp-content\/uploads\/2025\/11\/milano-orizz1-BZZ_2279-1024x684.jpg\" alt=\"\" class=\"wp-image-3884\" srcset=\"https:\/\/tripodart.net\/cursos\/wp-content\/uploads\/2025\/11\/milano-orizz1-BZZ_2279-1024x684.jpg 1024w, https:\/\/tripodart.net\/cursos\/wp-content\/uploads\/2025\/11\/milano-orizz1-BZZ_2279-620x414.jpg 620w, https:\/\/tripodart.net\/cursos\/wp-content\/uploads\/2025\/11\/milano-orizz1-BZZ_2279-768x513.jpg 768w, https:\/\/tripodart.net\/cursos\/wp-content\/uploads\/2025\/11\/milano-orizz1-BZZ_2279-1536x1026.jpg 1536w, https:\/\/tripodart.net\/cursos\/wp-content\/uploads\/2025\/11\/milano-orizz1-BZZ_2279.jpg 1800w\" sizes=\"(max-width: 1024px) 100vw, 1024px\" \/><\/figure>\n\n\n\n<figure class=\"wp-block-image size-large\"><img decoding=\"async\" loading=\"lazy\" width=\"1024\" height=\"684\" src=\"https:\/\/tripodart.net\/cursos\/wp-content\/uploads\/2025\/11\/milano-orizz2-BZZ_2382-1024x684.jpg\" alt=\"\" class=\"wp-image-3885\" srcset=\"https:\/\/tripodart.net\/cursos\/wp-content\/uploads\/2025\/11\/milano-orizz2-BZZ_2382-1024x684.jpg 1024w, https:\/\/tripodart.net\/cursos\/wp-content\/uploads\/2025\/11\/milano-orizz2-BZZ_2382-620x414.jpg 620w, https:\/\/tripodart.net\/cursos\/wp-content\/uploads\/2025\/11\/milano-orizz2-BZZ_2382-768x513.jpg 768w, https:\/\/tripodart.net\/cursos\/wp-content\/uploads\/2025\/11\/milano-orizz2-BZZ_2382-1536x1026.jpg 1536w, https:\/\/tripodart.net\/cursos\/wp-content\/uploads\/2025\/11\/milano-orizz2-BZZ_2382.jpg 1800w\" sizes=\"(max-width: 1024px) 100vw, 1024px\" \/><\/figure>\n\n\n\n<figure class=\"wp-block-image size-large\"><img decoding=\"async\" loading=\"lazy\" width=\"1024\" height=\"684\" src=\"https:\/\/tripodart.net\/cursos\/wp-content\/uploads\/2025\/11\/milano-orizz2-BZZ_2425-1024x684.jpg\" alt=\"\" class=\"wp-image-3886\" srcset=\"https:\/\/tripodart.net\/cursos\/wp-content\/uploads\/2025\/11\/milano-orizz2-BZZ_2425-1024x684.jpg 1024w, https:\/\/tripodart.net\/cursos\/wp-content\/uploads\/2025\/11\/milano-orizz2-BZZ_2425-620x414.jpg 620w, https:\/\/tripodart.net\/cursos\/wp-content\/uploads\/2025\/11\/milano-orizz2-BZZ_2425-768x513.jpg 768w, https:\/\/tripodart.net\/cursos\/wp-content\/uploads\/2025\/11\/milano-orizz2-BZZ_2425-1536x1026.jpg 1536w, https:\/\/tripodart.net\/cursos\/wp-content\/uploads\/2025\/11\/milano-orizz2-BZZ_2425.jpg 1800w\" sizes=\"(max-width: 1024px) 100vw, 1024px\" \/><\/figure>\n\n\n\n<h2 class=\"wp-block-heading\">Qu\u00e9 aprender\u00e1s<\/h2>\n\n\n\n<ul>\n<li>T\u00e9cnicas r\u00e1pidas para mejorar en street photography<\/li>\n\n\n\n<li>C\u00f3mo buscar escenas con ritmo, luz y narrativa<\/li>\n\n\n\n<li>Composici\u00f3n urbana y uso de l\u00edneas en arquitectura<\/li>\n\n\n\n<li>C\u00f3mo anticipar momentos y trabajar la observaci\u00f3n<\/li>\n\n\n\n<li>Manejo de luz complicada en entornos urbanos<\/li>\n\n\n\n<li>Selecci\u00f3n y edici\u00f3n b\u00e1sica para potenciar tus im\u00e1genes<\/li>\n\n\n\n<li>Revisi\u00f3n personalizada de tus fotos<\/li>\n<\/ul>\n\n\n\n<div style=\"height:60px\" aria-hidden=\"true\" class=\"wp-block-spacer\"><\/div>\n\n\n\n<h2 class=\"wp-block-heading\">Itinerario <\/h2>\n\n\n\n<h3 class=\"wp-block-heading\"><strong>S\u00e1bado 15 de febrero<\/strong><\/h3>\n\n\n\n<p><strong>Encuentro: 11:00 h \u2013 Centro de Mil\u00e1n<\/strong><\/p>\n\n\n\n<ul>\n<li>Presentaci\u00f3n y primeros ejercicios<\/li>\n\n\n\n<li>Recorrido por Brera y Duomo<\/li>\n\n\n\n<li>Pr\u00e1ctica de street: escenas, ritmo y luz<\/li>\n\n\n\n<li>Pausa caf\u00e9 italiana + mini an\u00e1lisis<\/li>\n\n\n\n<li>Tarde en Navigli: reflejos, composiciones y vida urbana<\/li>\n\n\n\n<li>Final sobre las 18:00<\/li>\n\n\n\n<li>Cena de grupo<\/li>\n\n\n\n<li>Shooting nocturno <\/li>\n<\/ul>\n\n\n\n<h3 class=\"wp-block-heading\"><strong>Domingo 16 de febrero<\/strong><\/h3>\n\n\n\n<p><strong>Encuentro: 09:30 h \u2013 Porta Nuova<\/strong><\/p>\n\n\n\n<ul>\n<li>Arquitectura moderna: l\u00edneas, simetr\u00edas, verticales<\/li>\n\n\n\n<li>Bosco Verticale + zona Isola<\/li>\n\n\n\n<li>Pr\u00e1ctica de street en mercados y calles locales<\/li>\n\n\n\n<li>Revisi\u00f3n final + selecci\u00f3n de im\u00e1genes<\/li>\n\n\n\n<li>Cierre a las <strong>18:00 h<\/strong> para permitir viajar de vuelta<\/li>\n<\/ul>\n\n\n\n<div style=\"height:63px\" aria-hidden=\"true\" class=\"wp-block-spacer\"><\/div>\n\n\n\n<figure class=\"wp-block-image size-large\"><img decoding=\"async\" loading=\"lazy\" width=\"1024\" height=\"747\" src=\"https:\/\/tripodart.net\/cursos\/wp-content\/uploads\/2025\/11\/plan-shooting-viaje-milan-2026-1024x747.png\" alt=\"\" class=\"wp-image-3935\" srcset=\"https:\/\/tripodart.net\/cursos\/wp-content\/uploads\/2025\/11\/plan-shooting-viaje-milan-2026-1024x747.png 1024w, https:\/\/tripodart.net\/cursos\/wp-content\/uploads\/2025\/11\/plan-shooting-viaje-milan-2026-620x452.png 620w, https:\/\/tripodart.net\/cursos\/wp-content\/uploads\/2025\/11\/plan-shooting-viaje-milan-2026-768x560.png 768w, https:\/\/tripodart.net\/cursos\/wp-content\/uploads\/2025\/11\/plan-shooting-viaje-milan-2026.png 1184w\" sizes=\"(max-width: 1024px) 100vw, 1024px\" \/><\/figure>\n\n\n\n<div style=\"height:60px\" aria-hidden=\"true\" class=\"wp-block-spacer\"><\/div>\n\n\n\n<hr class=\"wp-block-separator has-alpha-channel-opacity\"\/>\n\n\n\n<h2 class=\"wp-block-heading\">Para qui\u00e9n es este curso<\/h2>\n\n\n\n<p><\/p>\n\n\n\n<ul>\n<li>Aficionados que quieren subir de nivel<\/li>\n\n\n\n<li>Fot\u00f3grafos profesionales que buscan inspiraci\u00f3n urbana<\/li>\n\n\n\n<li>Amantes del viaje y la fotograf\u00eda callejera<\/li>\n\n\n\n<li>Personas que quieran descubrir Mil\u00e1n de forma aut\u00e9ntica y no tur\u00edstica<br>No hace falta un nivel t\u00e9cnico alto. Solo ganas de aprender y caminar un poco.<\/li>\n<\/ul>\n\n\n\n<h2 class=\"wp-block-heading\">Equipo recomendado:<\/h2>\n\n\n\n<p>No necesitas un equipo complejo para disfrutar del viaje fotogr\u00e1fico a Milano. Lo importante es venir con ganas de aprender y fotografiar.<br>Aun as\u00ed, aqu\u00ed tienes algunas recomendaciones:<\/p>\n\n\n\n<ul>\n<li><strong>C\u00e1mara compacta, r\u00e9flex o mirrorless:<\/strong> cualquier c\u00e1mara es v\u00e1lida. Si tienes una r\u00e9flex o mirrorless, perfecto; podr\u00e1s aprovechar m\u00e1s las posibilidades del street y la arquitectura.<\/li>\n\n\n\n<li><strong>Un objetivo ligero:<\/strong> un 35mm o 50mm es ideal, pero usa lo que tengas.<\/li>\n\n\n\n<li><strong>Bater\u00eda extra y tarjeta de memoria de repuesto.<\/strong> (esto si que no falten!)<\/li>\n\n\n\n<li><strong>Ropa y calzado c\u00f3modo<\/strong> para caminar por la ciudad.<\/li>\n<\/ul>\n\n\n\n<p>Si prefieres aprender <strong>fotograf\u00eda m\u00f3vil<\/strong>, tambi\u00e9n puedes traer tu <strong>tel\u00e9fono<\/strong> (seguro que lo llevas encima\u2026 y s\u00ed, sirve para mucho m\u00e1s que WhatsApp).<\/p>\n\n\n\n<p><br>El curso es <strong>100% personalizado<\/strong>, y te ayudar\u00e9 a sacar el m\u00e1ximo partido a tu c\u00e1mara, sea cual sea.<\/p>\n\n\n\n<div style=\"height:100px\" aria-hidden=\"true\" class=\"wp-block-spacer\"><\/div>\n\n\n\n<figure class=\"wp-block-gallery has-nested-images columns-default is-cropped wp-block-gallery-4 is-layout-flex wp-block-gallery-is-layout-flex\">\n<figure class=\"wp-block-image size-large\"><img decoding=\"async\" loading=\"lazy\" width=\"1024\" height=\"684\" data-id=\"3888\" src=\"https:\/\/tripodart.net\/cursos\/wp-content\/uploads\/2025\/11\/milano-orizz2-BZZ_2286-1024x684.jpg\" alt=\"\" class=\"wp-image-3888\" srcset=\"https:\/\/tripodart.net\/cursos\/wp-content\/uploads\/2025\/11\/milano-orizz2-BZZ_2286-1024x684.jpg 1024w, https:\/\/tripodart.net\/cursos\/wp-content\/uploads\/2025\/11\/milano-orizz2-BZZ_2286-620x414.jpg 620w, https:\/\/tripodart.net\/cursos\/wp-content\/uploads\/2025\/11\/milano-orizz2-BZZ_2286-768x513.jpg 768w, https:\/\/tripodart.net\/cursos\/wp-content\/uploads\/2025\/11\/milano-orizz2-BZZ_2286-1536x1026.jpg 1536w, https:\/\/tripodart.net\/cursos\/wp-content\/uploads\/2025\/11\/milano-orizz2-BZZ_2286.jpg 1800w\" sizes=\"(max-width: 1024px) 100vw, 1024px\" \/><\/figure>\n\n\n\n<figure class=\"wp-block-image size-large\"><img decoding=\"async\" loading=\"lazy\" width=\"1024\" height=\"684\" data-id=\"3887\" src=\"https:\/\/tripodart.net\/cursos\/wp-content\/uploads\/2025\/11\/milano-orizz1-BZZ_2289-1024x684.jpg\" alt=\"workshop fotografia callejera milano\" class=\"wp-image-3887\" srcset=\"https:\/\/tripodart.net\/cursos\/wp-content\/uploads\/2025\/11\/milano-orizz1-BZZ_2289-1024x684.jpg 1024w, https:\/\/tripodart.net\/cursos\/wp-content\/uploads\/2025\/11\/milano-orizz1-BZZ_2289-620x414.jpg 620w, https:\/\/tripodart.net\/cursos\/wp-content\/uploads\/2025\/11\/milano-orizz1-BZZ_2289-768x513.jpg 768w, https:\/\/tripodart.net\/cursos\/wp-content\/uploads\/2025\/11\/milano-orizz1-BZZ_2289-1536x1026.jpg 1536w, https:\/\/tripodart.net\/cursos\/wp-content\/uploads\/2025\/11\/milano-orizz1-BZZ_2289.jpg 1800w\" sizes=\"(max-width: 1024px) 100vw, 1024px\" \/><\/figure>\n<\/figure>\n\n\n\n<h2 class=\"wp-block-heading\"><strong>Precio <\/strong>Viaje fotogr\u00e1fico Milano<\/h2>\n\n\n\n<p class=\"has-medium-font-size\">Ahorra reservando antes del 15 Diciembre<\/p>\n\n\n\n<ul>\n<li class=\"has-medium-font-size\"><strong>250 \u20ac<\/strong> reservando antes del <strong>15\/12\/2025<\/strong><\/li>\n\n\n\n<li class=\"has-medium-font-size\"><strong>350 \u20ac<\/strong> hasta el <strong>15\/01\/2026<\/strong><\/li>\n\n\n\n<li class=\"has-medium-font-size\"><strong>400 \u20ac<\/strong> precio final<\/li>\n<\/ul>\n\n\n\n<h2 class=\"wp-block-heading\">Que incluye<\/h2>\n\n\n\n<ul>\n<li>Dos d\u00edas completos de formaci\u00f3n en Mil\u00e1n por m\u00e1s de 14 horas<\/li>\n\n\n\n<li>Almuerzo de bienvenida<\/li>\n\n\n\n<li>Tour fotogr\u00e1fico por rincones bellos e inusuales<\/li>\n\n\n\n<li>Experiencias aut\u00e9nticas y sorpresas durante el recorrido<\/li>\n\n\n\n<li>Asesoramiento personalizado<\/li>\n\n\n\n<li>Revisi\u00f3n de portafolio<\/li>\n\n\n\n<li>Material did\u00e1ctico<\/li>\n\n\n\n<li>Ejercicios pr\u00e1cticos para mejorar t\u00e9cnica y narraci\u00f3n<\/li>\n<\/ul>\n\n\n\n<p>No incluye vuelos ni alojamiento.<br><strong>Recomendaci\u00f3n de alojamiento:<\/strong> zona Navigli o un poco m\u00e1s fuera del centro (habitualmente m\u00e1s barato y bien conectado).<\/p>\n\n\n\n<hr class=\"wp-block-separator has-alpha-channel-opacity\"\/>\n\n\n\n<h2 class=\"wp-block-heading\">Forma de Pago<\/h2>\n\n\n\n<h3 class=\"wp-block-heading\"><strong>Reserva <\/strong><\/h3>\n\n\n\n<p>Para asegurar tu plaza es suficiente una <strong>reserva de 100 \u20ac<\/strong>.<br>Esta cantidad <strong>no es reembolsable<\/strong> y se <strong>descuenta del precio final<\/strong>.<\/p>\n\n\n\n<p>El importe restante se abonar\u00e0 dos semanas antes del viaje (el 1 Febrero)<\/p>\n\n\n\n<ul>\n<li><strong>Reserva antes del 15\/12\/2025 \u2192 pago final: 150 \u20ac<\/strong><\/li>\n\n\n\n<li><strong>Reserva antes del 15\/01\/2026 \u2192 pago final: 250 \u20ac<\/strong><\/li>\n\n\n\n<li><strong>Reserva despu\u00e9s del 15\/01\/2026 \u2192 pago final: 300 \u20ac<\/strong><\/li>\n<\/ul>\n\n\n\n<h3 class=\"wp-block-heading\"><strong>M\u00e9todos de pago<\/strong><\/h3>\n\n\n\n<ul>\n<li><strong>Transferencia bancaria<\/strong><\/li>\n\n\n\n<li><strong>Bizum<\/strong> (opcional)<\/li>\n\n\n\n<li><strong>Tarjeta<\/strong> a trav\u00e9s del formulario (Wufoo \/ Stripe)<\/li>\n<\/ul>\n\n\n\n<p>Tras la inscripci\u00f3n recibir\u00e1s un email de confirmaci\u00f3n.<br>El 1 de Febrero te enviar\u00e9 un mensaje con los datos necesarios y los pasos para completar el pago final.<\/p>\n\n\n\n<hr class=\"wp-block-separator has-alpha-channel-opacity\"\/>\n\n\n\n<h2 class=\"wp-block-heading\">Testimonios reales de alumnos <\/h2>\n\n\n\n<blockquote class=\"wp-block-quote\">\n<p><strong>\u201cUna experiencia incre\u00edble. Martino te hace mirar la ciudad de otra manera. Aprend\u00ed m\u00e1s en dos d\u00edas que en varios cursos online. El feedback fue s\u00faper \u00fatil y volv\u00ed con fotos que realmente me gustan.\u201d<\/strong><br><\/p>\n<cite>\u2014 <em>Laura, Barcelona<\/em><\/cite><\/blockquote>\n\n\n\n<blockquote class=\"wp-block-quote\">\n<p><strong>\u201cEl taller me encant\u00f3. Caminas, practicas, aprendes y te r\u00edes. Martino explica de forma sencilla y cercana, y se nota que conoce Mil\u00e1n como su casa. Me llev\u00e9 un mont\u00f3n de ideas nuevas para mis proyectos personales.\u201d<\/strong><br><\/p>\n<cite>\u2014 <em>Javier, Valencia<\/em><\/cite><\/blockquote>\n\n\n\n<blockquote class=\"wp-block-quote\">\n<p><strong>\u201cLo mejor fue la mezcla entre viaje, inspiraci\u00f3n y t\u00e9cnica. El street photo no es f\u00e1cil, pero con los ejercicios y las correcciones lo entend\u00ed todo mucho mejor. Recomiendo este curso al 100%.\u201d<\/strong><br><\/p>\n<cite>\u2014 <em>Marisa, Sevilla<\/em><\/cite><\/blockquote>\n\n\n\n<p><\/p>\n\n\n\n<h2 class=\"wp-block-heading\">Reserva aqu\u00ed tu plaza:<\/h2>\n\n\n<div id='wufoo-xb3nu6t1ylyk9u'>\nFill out my <a href='https:\/\/tinorebel.wufoo.com\/forms\/xb3nu6t1ylyk9u'>online form<\/a>.\n<\/div>\n<script type='text\/javascript'>var xb3nu6t1ylyk9u;(function(d, t) {\nvar s = d.createElement(t), options = {\n'userName'      : 'tinorebel',    \n'formHash'      : 'xb3nu6t1ylyk9u',    \n'autoResize'    :  true,   \n'height'        : '1227',      \n'async'         :  true,          \n'header'        : 'hide',      \n'host'          : 'wufoo.com',    \n'entSource'     : 'wordpress',   \n'defaultValues' : ''     \n,'ssl'          :  1           };\ns.src = ('https:' == d.location.protocol ? 'https:\/\/' : 'http:\/\/') + 'secure.wufoo.com\/scripts\/embed\/form.js';\ns.onload = s.onreadystatechange = function() {\nvar rs = this.readyState; if (rs) if (rs != 'complete') if (rs != 'loaded') return;\ntry { xb3nu6t1ylyk9u = new WufooForm();xb3nu6t1ylyk9u.initialize(options);xb3nu6t1ylyk9u.display(); } catch (e) {}}\nvar scr = d.getElementsByTagName(t)[0], par = scr.parentNode; par.insertBefore(s, scr);\n})(document, 'script');<\/script> <noscript> <iframe height=\"1227\" allowTransparency=\"true\" sandbox=\"allow-top-navigation allow-scripts allow-popups allow-forms allow-same-origin allow-popups-to-escape-sandbox\" frameborder=\"0\" scrolling=\"no\" style=\"width:100%;border:none;\"src=\"https:\/\/tinorebel.wufoo.com\/embed\/xb3nu6t1ylyk9u?entsource=wordpress\"><a href=\"https:\/\/tinorebel.wufoo.com\/forms\/xb3nu6t1ylyk9u?entsource=wordpress\" rel=\"nofollow\">Fill out my Wufoo form!<\/a><\/iframe> <\/noscript>\n\n\n<p><script type=\"text\/javascript\" src=\"https:\/\/cdnjs.cloudflare.com\/ajax\/libs\/iframe-resizer\/4.3.7\/iframeResizer.min.js\"><\/script><br \/>\n<iframe id=\"p-a076522a-7b9f-45e2-93d4-27d4c20ff1f6\" src=\"https:\/\/www.bonjoro.com\/pe\/a076522a-7b9f-45e2-93d4-27d4c20ff1f6\" onload=\"iFrameResize({ warningTimeout:30000, log: false, checkOrigin: false }, '#p-a076522a-7b9f-45e2-93d4-27d4c20ff1f6')\" frameborder=\"0\" scrolling=\"no\" width=\"100%\"><\/iframe><\/p>\n","protected":false},"excerpt":{"rendered":"<p>Street Photo y Paisaje Urbano: Workshop Un Viaje fotogr\u00e1fico Milano de 2 d\u00edas para fotografiar la ciudad italiana con m\u00e1s estilo y energ\u00eda urbana. Mil\u00e1n es dise\u00f1o, historia, arquitectura moderna y vida callejera en cada esquina.Y este curso te propone vivirla c\u00e1mara en mano, lejos de los lugares tur\u00edsticos y cerca de la esencia real [&hellip;]<\/p>\n","protected":false},"author":1,"featured_media":3883,"comment_status":"closed","ping_status":"closed","sticky":false,"template":"","format":"standard","meta":{"footnotes":""},"categories":[49],"tags":[11,118],"yoast_head":"<!-- This site is optimized with the Yoast SEO plugin v22.6 - https:\/\/yoast.com\/wordpress\/plugins\/seo\/ -->\n<title>Viaje Fotogr\u00e1fico a Mil\u00e1n (15-16 Febrero 2026) - Cursos de Fotograf\u00eda | Tripodart<\/title>\n<meta name=\"description\" content=\"Un Viaje fotogr\u00e1fico a Milano para conocer los rincones m\u00e1s fotog\u00e9nicos de esta maravillosa ciudad. Dos d\u00edas para fot\u00f3grafos apasionados .\" \/>\n<meta name=\"robots\" content=\"index, follow, max-snippet:-1, max-image-preview:large, max-video-preview:-1\" \/>\n<link rel=\"canonical\" href=\"https:\/\/tripodart.net\/cursos\/2025\/viaje-fotografico-a-milan\/\" \/>\n<meta property=\"og:locale\" content=\"es_ES\" \/>\n<meta property=\"og:type\" content=\"article\" \/>\n<meta property=\"og:title\" content=\"Viaje Fotogr\u00e1fico a Mil\u00e1n (15-16 Febrero 2026) - Cursos de Fotograf\u00eda | Tripodart\" \/>\n<meta property=\"og:description\" content=\"Un Viaje fotogr\u00e1fico a Milano para conocer los rincones m\u00e1s fotog\u00e9nicos de esta maravillosa ciudad. Dos d\u00edas para fot\u00f3grafos apasionados .\" \/>\n<meta property=\"og:url\" content=\"https:\/\/tripodart.net\/cursos\/2025\/viaje-fotografico-a-milan\/\" \/>\n<meta property=\"og:site_name\" content=\"Cursos de Fotograf\u00eda | Tripodart\" \/>\n<meta property=\"article:publisher\" content=\"https:\/\/www.facebook.com\/tripodart.cursos\/\" \/>\n<meta property=\"article:published_time\" content=\"2025-11-18T18:48:43+00:00\" \/>\n<meta property=\"article:modified_time\" content=\"2025-11-20T02:00:30+00:00\" \/>\n<meta property=\"og:image\" content=\"http:\/\/tripodart.net\/cursos\/wp-content\/uploads\/2025\/11\/milano-orizz1-BZZ_2275.jpg\" \/>\n\t<meta property=\"og:image:width\" content=\"1800\" \/>\n\t<meta property=\"og:image:height\" content=\"1202\" \/>\n\t<meta property=\"og:image:type\" content=\"image\/jpeg\" \/>\n<meta name=\"author\" content=\"Martino\" \/>\n<meta name=\"twitter:card\" content=\"summary_large_image\" \/>\n<meta name=\"twitter:label1\" content=\"Escrito por\" \/>\n\t<meta name=\"twitter:data1\" content=\"Martino\" \/>\n\t<meta name=\"twitter:label2\" content=\"Tiempo de lectura\" \/>\n\t<meta name=\"twitter:data2\" content=\"6 minutos\" \/>\n<script type=\"application\/ld+json\" class=\"yoast-schema-graph\">{\"@context\":\"https:\/\/schema.org\",\"@graph\":[{\"@type\":\"Article\",\"@id\":\"https:\/\/tripodart.net\/cursos\/2025\/viaje-fotografico-a-milan\/#article\",\"isPartOf\":{\"@id\":\"https:\/\/tripodart.net\/cursos\/2025\/viaje-fotografico-a-milan\/\"},\"author\":{\"name\":\"Martino\",\"@id\":\"https:\/\/tripodart.net\/cursos\/#\/schema\/person\/932535f8ce8c604c98ff5ffe0bd4541b\"},\"headline\":\"Viaje Fotogr\u00e1fico a Mil\u00e1n (15-16 Febrero 2026)\",\"datePublished\":\"2025-11-18T18:48:43+00:00\",\"dateModified\":\"2025-11-20T02:00:30+00:00\",\"mainEntityOfPage\":{\"@id\":\"https:\/\/tripodart.net\/cursos\/2025\/viaje-fotografico-a-milan\/\"},\"wordCount\":958,\"publisher\":{\"@id\":\"https:\/\/tripodart.net\/cursos\/#organization\"},\"image\":{\"@id\":\"https:\/\/tripodart.net\/cursos\/2025\/viaje-fotografico-a-milan\/#primaryimage\"},\"thumbnailUrl\":\"https:\/\/tripodart.net\/cursos\/wp-content\/uploads\/2025\/11\/milano-orizz1-BZZ_2275.jpg\",\"keywords\":[\"curso de fotograf\u00eda\",\"Milano\"],\"articleSection\":[\"Fotografia de viajes\"],\"inLanguage\":\"es\"},{\"@type\":\"WebPage\",\"@id\":\"https:\/\/tripodart.net\/cursos\/2025\/viaje-fotografico-a-milan\/\",\"url\":\"https:\/\/tripodart.net\/cursos\/2025\/viaje-fotografico-a-milan\/\",\"name\":\"Viaje Fotogr\u00e1fico a Mil\u00e1n (15-16 Febrero 2026) - Cursos de Fotograf\u00eda | Tripodart\",\"isPartOf\":{\"@id\":\"https:\/\/tripodart.net\/cursos\/#website\"},\"primaryImageOfPage\":{\"@id\":\"https:\/\/tripodart.net\/cursos\/2025\/viaje-fotografico-a-milan\/#primaryimage\"},\"image\":{\"@id\":\"https:\/\/tripodart.net\/cursos\/2025\/viaje-fotografico-a-milan\/#primaryimage\"},\"thumbnailUrl\":\"https:\/\/tripodart.net\/cursos\/wp-content\/uploads\/2025\/11\/milano-orizz1-BZZ_2275.jpg\",\"datePublished\":\"2025-11-18T18:48:43+00:00\",\"dateModified\":\"2025-11-20T02:00:30+00:00\",\"description\":\"Un Viaje fotogr\u00e1fico a Milano para conocer los rincones m\u00e1s fotog\u00e9nicos de esta maravillosa ciudad. Dos d\u00edas para fot\u00f3grafos apasionados .\",\"breadcrumb\":{\"@id\":\"https:\/\/tripodart.net\/cursos\/2025\/viaje-fotografico-a-milan\/#breadcrumb\"},\"inLanguage\":\"es\",\"potentialAction\":[{\"@type\":\"ReadAction\",\"target\":[\"https:\/\/tripodart.net\/cursos\/2025\/viaje-fotografico-a-milan\/\"]}]},{\"@type\":\"ImageObject\",\"inLanguage\":\"es\",\"@id\":\"https:\/\/tripodart.net\/cursos\/2025\/viaje-fotografico-a-milan\/#primaryimage\",\"url\":\"https:\/\/tripodart.net\/cursos\/wp-content\/uploads\/2025\/11\/milano-orizz1-BZZ_2275.jpg\",\"contentUrl\":\"https:\/\/tripodart.net\/cursos\/wp-content\/uploads\/2025\/11\/milano-orizz1-BZZ_2275.jpg\",\"width\":1800,\"height\":1202,\"caption\":\"curso foto milano\"},{\"@type\":\"BreadcrumbList\",\"@id\":\"https:\/\/tripodart.net\/cursos\/2025\/viaje-fotografico-a-milan\/#breadcrumb\",\"itemListElement\":[{\"@type\":\"ListItem\",\"position\":1,\"name\":\"Portada\",\"item\":\"https:\/\/tripodart.net\/cursos\/\"},{\"@type\":\"ListItem\",\"position\":2,\"name\":\"Viaje Fotogr\u00e1fico a Mil\u00e1n (15-16 Febrero 2026)\"}]},{\"@type\":\"WebSite\",\"@id\":\"https:\/\/tripodart.net\/cursos\/#website\",\"url\":\"https:\/\/tripodart.net\/cursos\/\",\"name\":\"Cursos de Fotograf\u00eda | Tripodart\",\"description\":\"Formaci\u00f3n para fot\u00f3grafos \",\"publisher\":{\"@id\":\"https:\/\/tripodart.net\/cursos\/#organization\"},\"potentialAction\":[{\"@type\":\"SearchAction\",\"target\":{\"@type\":\"EntryPoint\",\"urlTemplate\":\"https:\/\/tripodart.net\/cursos\/?s={search_term_string}\"},\"query-input\":\"required name=search_term_string\"}],\"inLanguage\":\"es\"},{\"@type\":\"Organization\",\"@id\":\"https:\/\/tripodart.net\/cursos\/#organization\",\"name\":\"Tripodart\",\"url\":\"https:\/\/tripodart.net\/cursos\/\",\"logo\":{\"@type\":\"ImageObject\",\"inLanguage\":\"es\",\"@id\":\"https:\/\/tripodart.net\/cursos\/#\/schema\/logo\/image\/\",\"url\":\"https:\/\/tripodart.net\/cursos\/wp-content\/uploads\/2015\/08\/nuevo-logo-tripodart.jpg\",\"contentUrl\":\"https:\/\/tripodart.net\/cursos\/wp-content\/uploads\/2015\/08\/nuevo-logo-tripodart.jpg\",\"width\":500,\"height\":181,\"caption\":\"Tripodart\"},\"image\":{\"@id\":\"https:\/\/tripodart.net\/cursos\/#\/schema\/logo\/image\/\"},\"sameAs\":[\"https:\/\/www.facebook.com\/tripodart.cursos\/\",\"https:\/\/www.instagram.com\/tripod.art\/\"]},{\"@type\":\"Person\",\"@id\":\"https:\/\/tripodart.net\/cursos\/#\/schema\/person\/932535f8ce8c604c98ff5ffe0bd4541b\",\"name\":\"Martino\",\"image\":{\"@type\":\"ImageObject\",\"inLanguage\":\"es\",\"@id\":\"https:\/\/tripodart.net\/cursos\/#\/schema\/person\/image\/\",\"url\":\"https:\/\/secure.gravatar.com\/avatar\/2d286aaf63c7105cd193e1af29d0bef5?s=96&d=mm&r=g\",\"contentUrl\":\"https:\/\/secure.gravatar.com\/avatar\/2d286aaf63c7105cd193e1af29d0bef5?s=96&d=mm&r=g\",\"caption\":\"Martino\"},\"url\":\"https:\/\/tripodart.net\/cursos\/author\/martino\/\"}]}<\/script>\n<!-- \/ Yoast SEO plugin. -->","yoast_head_json":{"title":"Viaje Fotogr\u00e1fico a Mil\u00e1n (15-16 Febrero 2026) - Cursos de Fotograf\u00eda | Tripodart","description":"Un Viaje fotogr\u00e1fico a Milano para conocer los rincones m\u00e1s fotog\u00e9nicos de esta maravillosa ciudad. Dos d\u00edas para fot\u00f3grafos apasionados .","robots":{"index":"index","follow":"follow","max-snippet":"max-snippet:-1","max-image-preview":"max-image-preview:large","max-video-preview":"max-video-preview:-1"},"canonical":"https:\/\/tripodart.net\/cursos\/2025\/viaje-fotografico-a-milan\/","og_locale":"es_ES","og_type":"article","og_title":"Viaje Fotogr\u00e1fico a Mil\u00e1n (15-16 Febrero 2026) - Cursos de Fotograf\u00eda | Tripodart","og_description":"Un Viaje fotogr\u00e1fico a Milano para conocer los rincones m\u00e1s fotog\u00e9nicos de esta maravillosa ciudad. Dos d\u00edas para fot\u00f3grafos apasionados .","og_url":"https:\/\/tripodart.net\/cursos\/2025\/viaje-fotografico-a-milan\/","og_site_name":"Cursos de Fotograf\u00eda | Tripodart","article_publisher":"https:\/\/www.facebook.com\/tripodart.cursos\/","article_published_time":"2025-11-18T18:48:43+00:00","article_modified_time":"2025-11-20T02:00:30+00:00","og_image":[{"width":1800,"height":1202,"url":"http:\/\/tripodart.net\/cursos\/wp-content\/uploads\/2025\/11\/milano-orizz1-BZZ_2275.jpg","type":"image\/jpeg"}],"author":"Martino","twitter_card":"summary_large_image","twitter_misc":{"Escrito por":"Martino","Tiempo de lectura":"6 minutos"},"schema":{"@context":"https:\/\/schema.org","@graph":[{"@type":"Article","@id":"https:\/\/tripodart.net\/cursos\/2025\/viaje-fotografico-a-milan\/#article","isPartOf":{"@id":"https:\/\/tripodart.net\/cursos\/2025\/viaje-fotografico-a-milan\/"},"author":{"name":"Martino","@id":"https:\/\/tripodart.net\/cursos\/#\/schema\/person\/932535f8ce8c604c98ff5ffe0bd4541b"},"headline":"Viaje Fotogr\u00e1fico a Mil\u00e1n (15-16 Febrero 2026)","datePublished":"2025-11-18T18:48:43+00:00","dateModified":"2025-11-20T02:00:30+00:00","mainEntityOfPage":{"@id":"https:\/\/tripodart.net\/cursos\/2025\/viaje-fotografico-a-milan\/"},"wordCount":958,"publisher":{"@id":"https:\/\/tripodart.net\/cursos\/#organization"},"image":{"@id":"https:\/\/tripodart.net\/cursos\/2025\/viaje-fotografico-a-milan\/#primaryimage"},"thumbnailUrl":"https:\/\/tripodart.net\/cursos\/wp-content\/uploads\/2025\/11\/milano-orizz1-BZZ_2275.jpg","keywords":["curso de fotograf\u00eda","Milano"],"articleSection":["Fotografia de viajes"],"inLanguage":"es"},{"@type":"WebPage","@id":"https:\/\/tripodart.net\/cursos\/2025\/viaje-fotografico-a-milan\/","url":"https:\/\/tripodart.net\/cursos\/2025\/viaje-fotografico-a-milan\/","name":"Viaje Fotogr\u00e1fico a Mil\u00e1n (15-16 Febrero 2026) - Cursos de Fotograf\u00eda | Tripodart","isPartOf":{"@id":"https:\/\/tripodart.net\/cursos\/#website"},"primaryImageOfPage":{"@id":"https:\/\/tripodart.net\/cursos\/2025\/viaje-fotografico-a-milan\/#primaryimage"},"image":{"@id":"https:\/\/tripodart.net\/cursos\/2025\/viaje-fotografico-a-milan\/#primaryimage"},"thumbnailUrl":"https:\/\/tripodart.net\/cursos\/wp-content\/uploads\/2025\/11\/milano-orizz1-BZZ_2275.jpg","datePublished":"2025-11-18T18:48:43+00:00","dateModified":"2025-11-20T02:00:30+00:00","description":"Un Viaje fotogr\u00e1fico a Milano para conocer los rincones m\u00e1s fotog\u00e9nicos de esta maravillosa ciudad. Dos d\u00edas para fot\u00f3grafos apasionados .","breadcrumb":{"@id":"https:\/\/tripodart.net\/cursos\/2025\/viaje-fotografico-a-milan\/#breadcrumb"},"inLanguage":"es","potentialAction":[{"@type":"ReadAction","target":["https:\/\/tripodart.net\/cursos\/2025\/viaje-fotografico-a-milan\/"]}]},{"@type":"ImageObject","inLanguage":"es","@id":"https:\/\/tripodart.net\/cursos\/2025\/viaje-fotografico-a-milan\/#primaryimage","url":"https:\/\/tripodart.net\/cursos\/wp-content\/uploads\/2025\/11\/milano-orizz1-BZZ_2275.jpg","contentUrl":"https:\/\/tripodart.net\/cursos\/wp-content\/uploads\/2025\/11\/milano-orizz1-BZZ_2275.jpg","width":1800,"height":1202,"caption":"curso foto milano"},{"@type":"BreadcrumbList","@id":"https:\/\/tripodart.net\/cursos\/2025\/viaje-fotografico-a-milan\/#breadcrumb","itemListElement":[{"@type":"ListItem","position":1,"name":"Portada","item":"https:\/\/tripodart.net\/cursos\/"},{"@type":"ListItem","position":2,"name":"Viaje Fotogr\u00e1fico a Mil\u00e1n (15-16 Febrero 2026)"}]},{"@type":"WebSite","@id":"https:\/\/tripodart.net\/cursos\/#website","url":"https:\/\/tripodart.net\/cursos\/","name":"Cursos de Fotograf\u00eda | Tripodart","description":"Formaci\u00f3n para fot\u00f3grafos ","publisher":{"@id":"https:\/\/tripodart.net\/cursos\/#organization"},"potentialAction":[{"@type":"SearchAction","target":{"@type":"EntryPoint","urlTemplate":"https:\/\/tripodart.net\/cursos\/?s={search_term_string}"},"query-input":"required name=search_term_string"}],"inLanguage":"es"},{"@type":"Organization","@id":"https:\/\/tripodart.net\/cursos\/#organization","name":"Tripodart","url":"https:\/\/tripodart.net\/cursos\/","logo":{"@type":"ImageObject","inLanguage":"es","@id":"https:\/\/tripodart.net\/cursos\/#\/schema\/logo\/image\/","url":"https:\/\/tripodart.net\/cursos\/wp-content\/uploads\/2015\/08\/nuevo-logo-tripodart.jpg","contentUrl":"https:\/\/tripodart.net\/cursos\/wp-content\/uploads\/2015\/08\/nuevo-logo-tripodart.jpg","width":500,"height":181,"caption":"Tripodart"},"image":{"@id":"https:\/\/tripodart.net\/cursos\/#\/schema\/logo\/image\/"},"sameAs":["https:\/\/www.facebook.com\/tripodart.cursos\/","https:\/\/www.instagram.com\/tripod.art\/"]},{"@type":"Person","@id":"https:\/\/tripodart.net\/cursos\/#\/schema\/person\/932535f8ce8c604c98ff5ffe0bd4541b","name":"Martino","image":{"@type":"ImageObject","inLanguage":"es","@id":"https:\/\/tripodart.net\/cursos\/#\/schema\/person\/image\/","url":"https:\/\/secure.gravatar.com\/avatar\/2d286aaf63c7105cd193e1af29d0bef5?s=96&d=mm&r=g","contentUrl":"https:\/\/secure.gravatar.com\/avatar\/2d286aaf63c7105cd193e1af29d0bef5?s=96&d=mm&r=g","caption":"Martino"},"url":"https:\/\/tripodart.net\/cursos\/author\/martino\/"}]}},"_links":{"self":[{"href":"https:\/\/tripodart.net\/cursos\/wp-json\/wp\/v2\/posts\/3882"}],"collection":[{"href":"https:\/\/tripodart.net\/cursos\/wp-json\/wp\/v2\/posts"}],"about":[{"href":"https:\/\/tripodart.net\/cursos\/wp-json\/wp\/v2\/types\/post"}],"author":[{"embeddable":true,"href":"https:\/\/tripodart.net\/cursos\/wp-json\/wp\/v2\/users\/1"}],"replies":[{"embeddable":true,"href":"https:\/\/tripodart.net\/cursos\/wp-json\/wp\/v2\/comments?post=3882"}],"version-history":[{"count":23,"href":"https:\/\/tripodart.net\/cursos\/wp-json\/wp\/v2\/posts\/3882\/revisions"}],"predecessor-version":[{"id":3941,"href":"https:\/\/tripodart.net\/cursos\/wp-json\/wp\/v2\/posts\/3882\/revisions\/3941"}],"wp:featuredmedia":[{"embeddable":true,"href":"https:\/\/tripodart.net\/cursos\/wp-json\/wp\/v2\/media\/3883"}],"wp:attachment":[{"href":"https:\/\/tripodart.net\/cursos\/wp-json\/wp\/v2\/media?parent=3882"}],"wp:term":[{"taxonomy":"category","embeddable":true,"href":"https:\/\/tripodart.net\/cursos\/wp-json\/wp\/v2\/categories?post=3882"},{"taxonomy":"post_tag","embeddable":true,"href":"https:\/\/tripodart.net\/cursos\/wp-json\/wp\/v2\/tags?post=3882"}],"curies":[{"name":"wp","href":"https:\/\/api.w.org\/{rel}","templated":true}]}}